{"id":206,"date":"2019-07-30T17:06:00","date_gmt":"2019-07-30T15:06:00","guid":{"rendered":""},"modified":"2023-04-30T13:52:22","modified_gmt":"2023-04-30T11:52:22","slug":"tom-ediger-dritter-im-hochsprung-bei","status":"publish","type":"post","link":"https:\/\/www.leichtathletik-wuppertal.de\/?p=206","title":{"rendered":"Tom Ediger Dritter im Hochsprung bei den Deutschen Jugendmeisterschaften U20"},"content":{"rendered":"<p>Das Leichathletikzentrum Wuppertal war bei den Deutschen Jugendmeisterschaften mit f\u00fcnf Teilnehmern vertreten.<\/p>\n<p>Tom Ediger gewann den geteilten dritten Platz im Hochsprung der m\u00e4nnlichen Jugend U20 mit \u00fcbersprungenen 2,03 m.<\/p>\n<p><a href=\"https:\/\/www.wz.de\/nrw\/wuppertal\/lokalsport\/leichtathletik-zentrum-wuppertal-stellt-quintett-bei-der-dm_aid-44367035\" target=\"_blank\" rel=\"noopener\">Vorbericht in der WZ<\/a><br \/>\n<a href=\"https:\/\/www.ikz-online.de\/sport\/lokalsport\/ennepetal\/die-minuten-unmittelbar-vorm-start-id226578305.html\" target=\"_blank\" rel=\"noopener\">Vorbericht bei IKZ-online<\/a><br \/>\n<a href=\"https:\/\/www.wz.de\/nrw\/wuppertal\/ediger-springt-bei-der-u-20-dm-zu-bronze_aid-44505739\" target=\"_blank\" rel=\"noopener\">Bericht in der WZ<\/a><br \/>\n<a href=\"https:\/\/www.laz-wuppertal.de\/2019\/08\/07\/deutsche-jugendmeisterschaften-in-ulm\/\" target=\"_blank\" rel=\"noopener\">Bericht des LAZ Wuppertal<\/a><\/p>\n<p><a href=\"https:\/\/www.leichtathletik.de\/termine\/wettkampf-kalender\/veranstaltung\/detail\/dm-jugend-u20u18-4\/\" target=\"_blank\" rel=\"noopener\">Veranstaltungsseite des DLV<\/a><br \/>\n<a href=\"https:\/\/laportal.net\/Competitions\/Resultoverview\/2189\" target=\"_blank\" rel=\"noopener\">Alle Ergebnisse<\/a><\/p>\n","protected":false},"excerpt":{"rendered":"<p>Das Leichathletikzentrum Wuppertal war bei den Deutschen Jugendmeisterschaften mit f\u00fcnf Teilnehmern vertreten. Tom Ediger gewann den geteilten dritten Platz im Hochsprung der m\u00e4nnlichen Jugend U20 mit \u00fcbersprungenen 2,03 m. Vorbericht in der WZ Vorbericht bei IKZ-online Bericht in der WZ Bericht des LAZ Wuppertal Veranstaltungsseite des DLV Alle Ergebnisse<\/p>\n","protected":false},"author":4,"featured_media":0,"comment_status":"open","ping_status":"closed","sticky":false,"template":"","format":"standard","meta":{"_et_pb_use_builder":"","_et_pb_old_content":"","_et_gb_content_width":"","footnotes":""},"categories":[1],"tags":[],"class_list":["post-206","post","type-post","status-publish","format-standard","hentry","category-allgemein"],"_links":{"self":[{"href":"https:\/\/www.leichtathletik-wuppertal.de\/index.php?rest_route=\/wp\/v2\/posts\/206","targetHints":{"allow":["GET"]}}],"collection":[{"href":"https:\/\/www.leichtathletik-wuppertal.de\/index.php?rest_route=\/wp\/v2\/posts"}],"about":[{"href":"https:\/\/www.leichtathletik-wuppertal.de\/index.php?rest_route=\/wp\/v2\/types\/post"}],"author":[{"embeddable":true,"href":"https:\/\/www.leichtathletik-wuppertal.de\/index.php?rest_route=\/wp\/v2\/users\/4"}],"replies":[{"embeddable":true,"href":"https:\/\/www.leichtathletik-wuppertal.de\/index.php?rest_route=%2Fwp%2Fv2%2Fcomments&post=206"}],"version-history":[{"count":0,"href":"https:\/\/www.leichtathletik-wuppertal.de\/index.php?rest_route=\/wp\/v2\/posts\/206\/revisions"}],"wp:attachment":[{"href":"https:\/\/www.leichtathletik-wuppertal.de\/index.php?rest_route=%2Fwp%2Fv2%2Fmedia&parent=206"}],"wp:term":[{"taxonomy":"category","embeddable":true,"href":"https:\/\/www.leichtathletik-wuppertal.de\/index.php?rest_route=%2Fwp%2Fv2%2Fcategories&post=206"},{"taxonomy":"post_tag","embeddable":true,"href":"https:\/\/www.leichtathletik-wuppertal.de\/index.php?rest_route=%2Fwp%2Fv2%2Ftags&post=206"}],"curies":[{"name":"wp","href":"https:\/\/api.w.org\/{rel}","templated":true}]}}